{"id":2106,"date":"2017-05-21T19:34:00","date_gmt":"2017-05-21T18:34:00","guid":{"rendered":"http:\/\/mrc92.fr\/?p=2106"},"modified":"2017-06-17T17:56:46","modified_gmt":"2017-06-17T16:56:46","slug":"legislatives-2017-communique-de-la-federation-des-hauts-de-seine-92-du-mouvement-republicain-et-citoyen-mrc","status":"publish","type":"post","link":"https:\/\/mrc92.fr\/index.php\/2017\/05\/legislatives-2017-communique-de-la-federation-des-hauts-de-seine-92-du-mouvement-republicain-et-citoyen-mrc\/","title":{"rendered":"L\u00e9gislatives 2017 \u2013 Communiqu\u00e9 de la F\u00e9d\u00e9ration des Hauts-de-Seine (92) du Mouvement R\u00e9publicain et Citoyen (MRC)"},"content":{"rendered":"<h3 style=\"text-align: justify;\"><span style=\"color: #b40000;\"><strong>Les militants du MRC 92 ont d\u00e9cid\u00e9, en accord avec les d\u00e9cisions des instances nationales du MRC, de ne pas pr\u00e9senter de candidats pour les \u00e9lections l\u00e9gislatives des 11 et 18 Juin 2017.<\/strong><\/span><\/h3>\n<p style=\"text-align: justify;\"><strong>Par ailleurs aucun soutien syst\u00e9matique n\u2019est apport\u00e9 aux candidats des autres partis de gauche sur le d\u00e9partement. (Si l\u2019un d\u2019entre eux venait \u00e0 ne pas respecter notre d\u00e9cision, nous donnerions aux autres partis de gauche l\u2019utilisation de notre logo). Toutefois les adh\u00e9rents du MRC d&rsquo;une circonscription peuvent \u00e0 titre exceptionnel apporter le soutien du MRC \u00e0 une candidature.<br \/>\n<\/strong><\/p>\n<p style=\"text-align: justify;\"><strong>Le premier tour des \u00e9lections l\u00e9gislatives est pourtant crucial pour le financement public des partis : une partie de ce financement est, en effet proportionnel aux voix r\u00e9colt\u00e9es au premier tour des \u00e9lections l\u00e9gislatives, pour toute la mandature (\u00e0 savoir 7\u20ac par voix pour les 5 ann\u00e9es de la mandature).<\/strong><!--more--><\/p>\n<p style=\"text-align: justify;\"><strong>L\u2019une des conditions \u00e0 remplir pour l\u2019obtention de ce financement public pour un parti, est d\u2019avoir pr\u00e9sent\u00e9 au moins 50 candidats recevant plus de 1% des suffrages. La complexit\u00e9 des \u00e9changes que nous avons avec nos partenaires de gauche, ainsi que le peu d\u2019\u00e9cho qui est fait aux propositions de la gauche souverainiste et r\u00e9publicaine que nous repr\u00e9sentons contre vents et mar\u00e9es, font en sorte que nous sommes dans l\u2019incapacit\u00e9 aujourd\u2019hui de remplir cette condition sans un accord de notre mouvement avec une autre force politique.<\/strong><\/p>\n<p style=\"text-align: justify;\"><strong>De fait, chaque candidature pouvant engendrer une d\u00e9pense de 10 000\u20ac non remboursable, nous pr\u00e9f\u00e9rons garder nos r\u00e9serves financi\u00e8res et nos forces pour le long combat d\u00e9mocratique et politique qui s\u2019annonce contre le gouvernement MACRON qui s\u2019est proclam\u00e9 d\u00e9lib\u00e9r\u00e9ment lib\u00e9ral et qui ambitionne, pour cet \u00e9t\u00e9, les mesures sociales les plus r\u00e9trogrades. Les id\u00e9es souverainistes et r\u00e9publicaines que les Fran\u00e7ais ont exprim\u00e9es lors de leur non au r\u00e9f\u00e9rendum en 2005, ont malheureusement \u00e9t\u00e9 les grandes perdantes de cette campagne \u00e9lectorale pollu\u00e9e par les affaires et les boniments de la pire esp\u00e8ce. Nous pers\u00e9v\u00e9rerons \u00e0 les d\u00e9fendre et \u00e0 convaincre les Fran\u00e7ais qu&rsquo;une autre voie, sociale et r\u00e9publicaine, est possible, dans la grande recomposition politique qui s\u2019annonce durant ce quinquennat.<\/strong><\/p>\n<p style=\"text-align: justify;\"><strong>Pour d\u00e9marrer cette grande p\u00e9riode de recomposition, partout o\u00f9 c\u2019est possible, nous appelons chacune et chacun \u00e0 se mobiliser partout en France derri\u00e8re nos candidates et candidats du Mouvement R\u00e9publicain et Citoyen, parmi lesquels nos deux d\u00e9put\u00e9s sortants, Jean-Luc Laurent et Christian Hutin.<\/strong><\/p>\n<p style=\"text-align: justify;\"><strong>Nous appelons ceux qui partagent nos convictions et qui ne se retrouvent pas dans l\u2019offre politique aujourd\u2019hui, \u00e0 venir construire avec nous une force r\u00e9publicaine, sinc\u00e8rement patriote et v\u00e9ritablement sociale et militante d\u2019une Europe politique des peuples digne de nos valeurs internationalistes de gauche.<\/strong><\/p>\n","protected":false},"excerpt":{"rendered":"<p>Les militants du MRC 92 ont d\u00e9cid\u00e9, en accord avec les d\u00e9cisions des instances nationales du MRC, de ne pas pr\u00e9senter de candidats pour les \u00e9lections l\u00e9gislatives des 11 et 18 Juin 2017. Par ailleurs aucun soutien syst\u00e9matique n\u2019est apport\u00e9 aux candidats des autres partis de gauche sur le d\u00e9partement. (Si l\u2019un d\u2019entre eux venait [&hellip;]<\/p>\n","protected":false},"author":1,"featured_media":2080,"comment_status":"closed","ping_status":"closed","sticky":false,"template":"","format":"standard","meta":{"footnotes":""},"categories":[104],"tags":[],"class_list":["post-2106","post","type-post","status-publish","format-standard","has-post-thumbnail","hentry","category-legislatives-2017"],"_links":{"self":[{"href":"https:\/\/mrc92.fr\/index.php\/wp-json\/wp\/v2\/posts\/2106","targetHints":{"allow":["GET"]}}],"collection":[{"href":"https:\/\/mrc92.fr\/index.php\/wp-json\/wp\/v2\/posts"}],"about":[{"href":"https:\/\/mrc92.fr\/index.php\/wp-json\/wp\/v2\/types\/post"}],"author":[{"embeddable":true,"href":"https:\/\/mrc92.fr\/index.php\/wp-json\/wp\/v2\/users\/1"}],"replies":[{"embeddable":true,"href":"https:\/\/mrc92.fr\/index.php\/wp-json\/wp\/v2\/comments?post=2106"}],"version-history":[{"count":10,"href":"https:\/\/mrc92.fr\/index.php\/wp-json\/wp\/v2\/posts\/2106\/revisions"}],"predecessor-version":[{"id":2134,"href":"https:\/\/mrc92.fr\/index.php\/wp-json\/wp\/v2\/posts\/2106\/revisions\/2134"}],"wp:featuredmedia":[{"embeddable":true,"href":"https:\/\/mrc92.fr\/index.php\/wp-json\/wp\/v2\/media\/2080"}],"wp:attachment":[{"href":"https:\/\/mrc92.fr\/index.php\/wp-json\/wp\/v2\/media?parent=2106"}],"wp:term":[{"taxonomy":"category","embeddable":true,"href":"https:\/\/mrc92.fr\/index.php\/wp-json\/wp\/v2\/categories?post=2106"},{"taxonomy":"post_tag","embeddable":true,"href":"https:\/\/mrc92.fr\/index.php\/wp-json\/wp\/v2\/tags?post=2106"}],"curies":[{"name":"wp","href":"https:\/\/api.w.org\/{rel}","templated":true}]}}