{"id":1133,"date":"2014-02-02T14:16:30","date_gmt":"2014-02-02T13:16:30","guid":{"rendered":"http:\/\/mrc92.fr\/?p=1133"},"modified":"2014-09-01T19:02:26","modified_gmt":"2014-09-01T18:02:26","slug":"charte-des-langues-regionales-une-assemblee-qui-joue-avec-la-constitution","status":"publish","type":"post","link":"https:\/\/mrc92.fr\/index.php\/2014\/02\/charte-des-langues-regionales-une-assemblee-qui-joue-avec-la-constitution\/","title":{"rendered":"Charte des langues r\u00e9gionales: une Assembl\u00e9e qui joue avec la Constitution"},"content":{"rendered":"<p>Par Marie-Fran\u00e7oise Bechtel, d\u00e9put\u00e9e de l&rsquo;Aisne et 1ere vice-pr\u00e9sidente du MRC, mercredi 29 janvier 2014.<\/p>\n<p>Une Assembl\u00e9e qui joue avec la Constitution : voil\u00e0 le spectacle d\u00e9solant qu\u2019a offert hier l\u2019h\u00e9micycle dans lequel une majorit\u00e9 \u00e9crasante des voix de gauche s\u2019est prononc\u00e9e pour une r\u00e9vision de la Constitution en vue de ratifier la Charte europ\u00e9enne des langues r\u00e9gionales ou minoritaires.<\/p>\n<p>Inconscience ou frivolit\u00e9, d\u2019aucuns n\u2019y ont vu que du feu, consid\u00e9rant la ratification ultime de la Charte comme un simple sauvetage de langues menac\u00e9es de disparition. D\u2019autres y ont vu un moyen servir leur client\u00e8le locale et de promouvoir leur r\u00e9gion.<\/p>\n<p>Changer la Constitution n\u2019est pas un acte anodin. Quand un pays dispose de tout un arsenal l\u00e9gislatif pour financer l\u2019enseignement en langues r\u00e9gionales et permettre toutes les actions favorables \u00e0 leur rayonnement, on ne change la Constitution que pour aller plus loin, beaucoup plus loin.<\/p>\n<p>Ne soyons pas na\u00effs, il s\u2019agirait de passer par-dessus les principes qui d\u00e9fendent aujourd\u2019hui la la\u00efcit\u00e9 pour servir la soupe aux r\u00e9gionalistes les plus f\u00e9roces : certains demandent d\u00e9j\u00e0 l\u2019abrogation de la loi Falloux pour permettre de financer les investissements de l\u2019\u00e9cole priv\u00e9e \u2013 laquelle prend en charge une part non n\u00e9gligeable des enseignements en langues r\u00e9gionales \u2013 , abrogation contre laquelle toute la gauche la\u00efque s\u2019\u00e9tait mobilis\u00e9e d\u00e9but 1994 lorsque Fran\u00e7ois Bayrou avait voulu y proc\u00e9der. On vise aussi sans doute la cr\u00e9ation d\u2019un service public bis au guichet : verra-t-on dans ce pays la file bretonne arriver plus vite au guichet que la file franco-fran\u00e7aise\u2026 ou l\u2019inverse ?<\/p>\n<p>Avec tout cela, nous nous dirigeons vers un Etat qui deviendrait un vaste supermarch\u00e9 et ceci dans le pays de l\u2019\u00e9galit\u00e9 citoyenne&#8230; Belle t\u00e2che en v\u00e9rit\u00e9 !<\/p>\n<p>La proc\u00e9dure n\u2019en \u00e9tant qu\u2019\u00e0 son d\u00e9but, le Mouvement r\u00e9publicain et citoyen veut croire que le S\u00e9nat saura avoir plus de sagesse. <\/p>\n","protected":false},"excerpt":{"rendered":"<p>Par Marie-Fran\u00e7oise Bechtel, d\u00e9put\u00e9e de l&rsquo;Aisne et 1ere vice-pr\u00e9sidente du MRC, mercredi 29 janvier 2014. Une Assembl\u00e9e qui joue avec la Constitution : voil\u00e0 le spectacle d\u00e9solant qu\u2019a offert hier l\u2019h\u00e9micycle dans lequel une majorit\u00e9 \u00e9crasante des voix de gauche s\u2019est prononc\u00e9e pour une r\u00e9vision de la Constitution en vue de ratifier la Charte europ\u00e9enne [&hellip;]<\/p>\n","protected":false},"author":1,"featured_media":709,"comment_status":"closed","ping_status":"closed","sticky":false,"template":"","format":"standard","meta":{"footnotes":""},"categories":[28],"tags":[],"class_list":["post-1133","post","type-post","status-publish","format-standard","has-post-thumbnail","hentry","category-politique-nationale"],"_links":{"self":[{"href":"https:\/\/mrc92.fr\/index.php\/wp-json\/wp\/v2\/posts\/1133","targetHints":{"allow":["GET"]}}],"collection":[{"href":"https:\/\/mrc92.fr\/index.php\/wp-json\/wp\/v2\/posts"}],"about":[{"href":"https:\/\/mrc92.fr\/index.php\/wp-json\/wp\/v2\/types\/post"}],"author":[{"embeddable":true,"href":"https:\/\/mrc92.fr\/index.php\/wp-json\/wp\/v2\/users\/1"}],"replies":[{"embeddable":true,"href":"https:\/\/mrc92.fr\/index.php\/wp-json\/wp\/v2\/comments?post=1133"}],"version-history":[{"count":1,"href":"https:\/\/mrc92.fr\/index.php\/wp-json\/wp\/v2\/posts\/1133\/revisions"}],"predecessor-version":[{"id":1134,"href":"https:\/\/mrc92.fr\/index.php\/wp-json\/wp\/v2\/posts\/1133\/revisions\/1134"}],"wp:featuredmedia":[{"embeddable":true,"href":"https:\/\/mrc92.fr\/index.php\/wp-json\/wp\/v2\/media\/709"}],"wp:attachment":[{"href":"https:\/\/mrc92.fr\/index.php\/wp-json\/wp\/v2\/media?parent=1133"}],"wp:term":[{"taxonomy":"category","embeddable":true,"href":"https:\/\/mrc92.fr\/index.php\/wp-json\/wp\/v2\/categories?post=1133"},{"taxonomy":"post_tag","embeddable":true,"href":"https:\/\/mrc92.fr\/index.php\/wp-json\/wp\/v2\/tags?post=1133"}],"curies":[{"name":"wp","href":"https:\/\/api.w.org\/{rel}","templated":true}]}}